{"id":401,"date":"2022-03-13T21:39:25","date_gmt":"2022-03-13T21:39:25","guid":{"rendered":"https:\/\/www.riconoscere.org\/?p=401"},"modified":"2022-03-15T14:12:49","modified_gmt":"2022-03-15T14:12:49","slug":"tempo-di-bilanci","status":"publish","type":"post","link":"https:\/\/www.riconoscere.org\/de\/2022\/03\/13\/tempo-di-bilanci\/","title":{"rendered":"Zeit f\u00fcr eine Zwischenbilanz"},"content":{"rendered":"<p><span lang=\"de-DE\">365 Tage, 8760 Stunden, 525600 Minuten &#8230; ein Jahr! E<\/span><span lang=\"de-DE\">twas \u00fcber ein <\/span><span lang=\"de-DE\">Jahr ist nun seit unserer Ankunft auf Korsika vergangen, und es ist an der Zei<\/span><span lang=\"de-DE\">t f\u00fcr einen R\u00fcckblick und f\u00fcr <\/span><span lang=\"de-DE\">\u00dcberlegungen <\/span><span lang=\"de-DE\">und <\/span><span lang=\"de-DE\">Vision<\/span><span lang=\"de-DE\">en <\/span><span lang=\"de-DE\">f\u00fcr <\/span><span lang=\"de-DE\">die Zukunft.<\/span><\/p>\n<p><span lang=\"de-DE\">Als erstes m\u00f6chten wir betonen, dass es f\u00fcr uns ein sehr, sehr sch\u00f6nes Jahr voller wichtiger Erfahrungen war. Es ist unglaublich zu sehen, wie das Leben Tag f\u00fcr Tag voller \u00dcberraschungen und Abenteuer <\/span><span lang=\"de-DE\">steckt<\/span><span lang=\"de-DE\">, trotz der kleinen gro\u00dfen Schwierigkeiten &#8230; alles <\/span><span lang=\"de-DE\">h\u00e4ngt v<\/span><span lang=\"de-DE\">o<\/span><span lang=\"de-DE\">m Blick <\/span><span lang=\"de-DE\">ab, den wir auf die Welt haben, und von dem Gewi<\/span><span lang=\"de-DE\">c<\/span><span lang=\"de-DE\">ht, das wir <\/span><span lang=\"de-DE\">den <\/span><span lang=\"de-DE\">Geschehnissen<\/span><span lang=\"de-DE\"> beimessen; <\/span><span lang=\"de-DE\">Geschehnisse<\/span><span lang=\"de-DE\">, die uns direkt betreffen und auch solche die weiter entfernt sind<\/span><span lang=\"de-DE\">, uns aber dennoch <\/span><span lang=\"de-DE\">dazu bringen uns selbst und unser Leben zu hinterfragen<\/span><span lang=\"de-DE\"> (wie die Pandemie oder die dramatischen Ereignisse, die sich i<\/span><span lang=\"de-DE\">n diesen<\/span><span lang=\"de-DE\"> Tagen in der Ukraine abspielen <\/span><span lang=\"de-DE\">und <\/span><span lang=\"de-DE\">denen <\/span><span lang=\"de-DE\">gegen\u00fcber <\/span><span lang=\"de-DE\">wir <\/span><span lang=\"de-DE\">in keinster<\/span><span lang=\"de-DE\"> Weise <\/span><span lang=\"de-DE\">gleichg\u00fcltig sein<\/span><span lang=\"de-DE\"> k\u00f6nnen). <\/span><\/p>\n<p><span lang=\"de-DE\">Nach diesem Jahr<\/span><span lang=\"de-DE\"> sind wir noch <\/span><span lang=\"de-DE\">st\u00e4rker<\/span><span lang=\"de-DE\"> davon \u00fcberzeugt, dass man manchmal etwas riskieren muss, <\/span><span lang=\"de-DE\">a<\/span><span lang=\"de-DE\">uf d<\/span><span lang=\"de-DE\">ie Innere Stimme<\/span><span lang=\"de-DE\"> h\u00f6ren<\/span><span lang=\"de-DE\">, <\/span><span lang=\"de-DE\">u<\/span><span lang=\"de-DE\">nd versuchen muss, Schritte auf Wegen zu gehen, die nicht unbedingt schon <\/span><span lang=\"de-DE\">komplett klar<\/span><span lang=\"de-DE\"> vorgezeichnet sind. Ohne Angst, aber <\/span><span lang=\"de-DE\">wachsam und vorsichtig \u2013 <\/span><span lang=\"de-DE\">wir glauben, <\/span><span lang=\"de-DE\">dann ist es immer m\u00f6glich, etwas <\/span><span lang=\"de-DE\">N<\/span><span lang=\"de-DE\">eues <\/span><span lang=\"de-DE\">auszuprobieren<\/span><span lang=\"de-DE\">. <\/span><span lang=\"de-DE\">Und wenn man<\/span> <span lang=\"de-DE\"> feststellt<\/span><span lang=\"de-DE\">, dass <\/span><span lang=\"de-DE\">der Versuch<\/span><span lang=\"de-DE\"> nicht zu den gew\u00fcnschten <\/span><span lang=\"de-DE\">Zielen f\u00fchrt<\/span><span lang=\"de-DE\"> oder <\/span><span lang=\"de-DE\">es<\/span><span lang=\"de-DE\"> gef\u00e4hrlich <\/span><span lang=\"de-DE\">werden k\u00f6nnte<\/span><span lang=\"de-DE\"> &#8230; ist es immer m\u00f6glich, anzuhalten, <\/span><span lang=\"de-DE\">eine Pause zu machen<\/span><span lang=\"de-DE\"> und sich zu entscheiden, zur\u00fcck zu gehen, um <\/span><span lang=\"de-DE\">einen <\/span><span lang=\"de-DE\">neue<\/span><span lang=\"de-DE\">n<\/span><span lang=\"de-DE\"> Weg <\/span><span lang=\"de-DE\">einzuschlagen<\/span><span lang=\"de-DE\">. <\/span><span lang=\"de-DE\">Und dabei d\u00fcrfen <\/span><span lang=\"de-DE\">wir <\/span><span lang=\"de-DE\">die Zeichen der Zeit, unseres Hier-und-Jetzt<\/span><span lang=\"de-DE\">s, <\/span><span lang=\"de-DE\">nicht \u00fcbersehen<\/span><span lang=\"de-DE\">! <\/span><\/p>\n<p><span lang=\"de-DE\"><a href=\"https:\/\/www.riconoscere.org\/galleria\/\" target=\"_blank\" rel=\"https:\/\/www.riconoscere.org\/galleria\/ noopener\"><img loading=\"lazy\" decoding=\"async\" class=\"alignright wp-image-403\" src=\"https:\/\/www.riconoscere.org\/wp-content\/uploads\/2022\/03\/un-anno-bosco-e-sole-300x225.jpeg\" alt=\"\" width=\"319\" height=\"239\" srcset=\"https:\/\/www.riconoscere.org\/wp-content\/uploads\/2022\/03\/un-anno-bosco-e-sole-300x225.jpeg 300w, https:\/\/www.riconoscere.org\/wp-content\/uploads\/2022\/03\/un-anno-bosco-e-sole-1024x768.jpeg 1024w, https:\/\/www.riconoscere.org\/wp-content\/uploads\/2022\/03\/un-anno-bosco-e-sole-768x576.jpeg 768w, https:\/\/www.riconoscere.org\/wp-content\/uploads\/2022\/03\/un-anno-bosco-e-sole-1536x1152.jpeg 1536w, https:\/\/www.riconoscere.org\/wp-content\/uploads\/2022\/03\/un-anno-bosco-e-sole-360x270.jpeg 360w, https:\/\/www.riconoscere.org\/wp-content\/uploads\/2022\/03\/un-anno-bosco-e-sole.jpeg 1600w\" sizes=\"auto, (max-width: 319px) 100vw, 319px\" \/><\/a>Aber zur\u00fcck zu uns und zu unserem Jahr <\/span><span lang=\"de-DE\">an di<\/span><span lang=\"de-DE\">esem wunderbare<\/span><span lang=\"de-DE\">n Ort<\/span><span lang=\"de-DE\">: Wie wir <\/span><span lang=\"de-DE\">euch<\/span><span lang=\"de-DE\"> bereits <\/span><span lang=\"de-DE\">erz\u00e4hlt<\/span><span lang=\"de-DE\"> haben, ist Korsika unglaublich <\/span><span lang=\"de-DE\">reich an Natur &#8211; <\/span><span lang=\"de-DE\">zumindest im Vergleich zu unseren He<\/span><span lang=\"de-DE\">imatorten &#8211; un<\/span><span lang=\"de-DE\">d<\/span><span lang=\"de-DE\"> das obwohl es auch hier viel<\/span> <span lang=\"de-DE\">Immobiliens<\/span><span lang=\"de-DE\">pekulation <\/span><span lang=\"de-DE\">gibt und \u00fcberall auch in eigentlich gesch\u00fctzten Gebieten gebaut wird. <\/span><span lang=\"de-DE\">Trotzdem<\/span><span lang=\"de-DE\"> bewahrt <\/span><span lang=\"de-DE\">die<\/span> <span lang=\"de-DE\">sogenannte <\/span><span lang=\"de-DE\">&#8222;<\/span><span lang=\"de-DE\">Insel der Sch\u00f6nheit<\/span><span lang=\"de-DE\">&#8220; noch v<\/span><span lang=\"de-DE\">iel von ihrem <\/span><span lang=\"de-DE\">landschaftlichen<\/span><span lang=\"de-DE\"> Erbe \u2013 Meer <\/span><span lang=\"de-DE\">und Strand<\/span><span lang=\"de-DE\">, Fl\u00fcsse und Bergen &#8230; es ist f\u00fcr jeden etwas dabei. <\/span><span lang=\"de-DE\">Und nach diesem Jahr k\u00f6nnen wir sicher sagen: <\/span><span lang=\"de-DE\">Das Leben in engem Kontakt mit der Natur ist <\/span><span lang=\"de-DE\">etwas, dass wir nicht mehr missen wollen<\/span><span lang=\"de-DE\">! Aufwachen und \u00fcber einen Wald blicken, der <\/span><span lang=\"de-DE\">bis <\/span><span lang=\"de-DE\">zum Meer hin abf\u00e4llt; sehen, wie Giuseppe Antonios Schafe und L\u00e4mmer jeden Tag <\/span><span lang=\"de-DE\">durch unser Gel\u00e4nde traben; <\/span><span lang=\"de-DE\">tags\u00fcber d<\/span><span lang=\"de-DE\">en Blick heben und sic<\/span><span lang=\"de-DE\">h st\u00e4ndig von oben vom <\/span><span lang=\"de-DE\">Rotmilan<\/span><span lang=\"de-DE\"> beobachte<\/span><span lang=\"de-DE\">t <\/span><span lang=\"de-DE\">zu<\/span><span lang=\"de-DE\"> sehen und in der Nacht vor dem Schlafen gehen einen Blick in den Sternenhimmel zu werfen<\/span><span lang=\"de-DE\"> &#8230; <\/span><span lang=\"de-DE\">da wird einem warm ums Herz.<\/span><span lang=\"de-DE\"> Die <\/span><span lang=\"de-DE\">Tagesr<\/span><span lang=\"de-DE\">hythmen sind v\u00f6llig anders &#8230; das <\/span><span lang=\"de-DE\">Puls<\/span><span lang=\"de-DE\"> verlangsamt sich und der Blick <\/span><span lang=\"de-DE\">schweift<\/span><span lang=\"de-DE\"> ins <\/span><span lang=\"de-DE\">Weite<\/span><span lang=\"de-DE\">. <\/span><span lang=\"de-DE\">Auch wenn wir uns noch viel zu oft in eigentlich vermeidbarem Alltagsstress<\/span> <span lang=\"de-DE\">verlieren. <\/span><\/p>\n<p><span lang=\"de-DE\"><img loading=\"lazy\" decoding=\"async\" class=\"alignleft wp-image-402 size-medium\" src=\"https:\/\/www.riconoscere.org\/wp-content\/uploads\/2022\/03\/un-anno-david-schaf-300x225.jpeg\" alt=\"\" width=\"300\" height=\"225\" srcset=\"https:\/\/www.riconoscere.org\/wp-content\/uploads\/2022\/03\/un-anno-david-schaf-300x225.jpeg 300w, https:\/\/www.riconoscere.org\/wp-content\/uploads\/2022\/03\/un-anno-david-schaf-1024x768.jpeg 1024w, https:\/\/www.riconoscere.org\/wp-content\/uploads\/2022\/03\/un-anno-david-schaf-768x576.jpeg 768w, https:\/\/www.riconoscere.org\/wp-content\/uploads\/2022\/03\/un-anno-david-schaf-1536x1152.jpeg 1536w, https:\/\/www.riconoscere.org\/wp-content\/uploads\/2022\/03\/un-anno-david-schaf-360x270.jpeg 360w, https:\/\/www.riconoscere.org\/wp-content\/uploads\/2022\/03\/un-anno-david-schaf.jpeg 1600w\" sizes=\"auto, (max-width: 300px) 100vw, 300px\" \/>Und auch f\u00fcr David ist <\/span><span lang=\"de-DE\">die nahe Natur <\/span><span lang=\"de-DE\">eine Freude &#8230; er <\/span><span lang=\"de-DE\">liebt<\/span><span lang=\"de-DE\"> alle Tiere, <\/span><span lang=\"de-DE\">die er <\/span><span lang=\"de-DE\">kennenlernt<\/span><span lang=\"de-DE\">, klein und gro\u00df. <\/span><span lang=\"de-DE\">E<\/span><span lang=\"de-DE\">r <\/span><span lang=\"de-DE\">beobachtet Blumen, <\/span><span lang=\"de-DE\">P<\/span><span lang=\"de-DE\">flan<\/span><span lang=\"de-DE\">zen,<\/span><span lang=\"de-DE\"> macht jedes Mal das Ger\u00e4usch der Schafe, wenn er sie sieht und m\u00f6chte sie begr\u00fc\u00dfen gehen&#8230; und der erste Gedanke morgens <\/span><span lang=\"de-DE\">nach dem Aufstehen<\/span><span lang=\"de-DE\"> gilt dem Paesolu-Hund: Bergamott<\/span><span lang=\"de-DE\">o<\/span><span lang=\"de-DE\">! <\/span><span lang=\"de-DE\">Sie sind beste Freunde<\/span><span lang=\"de-DE\">&#8230; <\/span><\/p>\n<p><span lang=\"de-DE\">Apropos Freunde, hier <\/span><span lang=\"de-DE\">steckt<\/span><span lang=\"de-DE\"> ein weiterer wichtiger Punkt unserer <\/span><span lang=\"de-DE\">Reflexionen<\/span><span lang=\"de-DE\">. So wie d<\/span><span lang=\"de-DE\">ie Best\u00e4tigung<\/span><span lang=\"de-DE\">, in der Natur leben zu wollen, sind wir uns heute sicher, dass wir <\/span><span lang=\"de-DE\">tiefgr\u00fcndige<\/span><span lang=\"de-DE\"> Beziehungen <\/span><span lang=\"de-DE\">brauchen und pflegen und hegen m\u00fcssen<\/span><span lang=\"de-DE\"> &#8230; <\/span><span lang=\"de-DE\">genau<\/span><span lang=\"de-DE\"> wie unser Gem\u00fcse. <\/span><span lang=\"de-DE\">=)<\/span><span lang=\"de-DE\"> Die Erfahrung <\/span><span lang=\"de-DE\">in Korsika <\/span><span lang=\"de-DE\">zeigt<\/span><span lang=\"de-DE\"> uns, dass <\/span><span lang=\"de-DE\">wir uns liebe <\/span><span lang=\"de-DE\">Menschen <\/span><span lang=\"de-DE\">brauchen wie die Luft zum atmen; <\/span><span lang=\"de-DE\">einerseits unsere <\/span><span lang=\"de-DE\">Verwandten und Freunde auf der ganzen Welt und <\/span><span lang=\"de-DE\">andererseits ein Netz <\/span><span lang=\"de-DE\">neue<\/span><span lang=\"de-DE\">r<\/span> <span lang=\"de-DE\">Freundschaften <\/span><span lang=\"de-DE\">an unserem aktuellen Wohnort. <\/span><span lang=\"de-DE\">Jedes Treffen mit unseren Familien war ein kostbares Geschenk; die Gelegenheit gehabt zu haben, Stefano mehrmals bei uns zu haben; <\/span><span lang=\"de-DE\">d<\/span><span lang=\"de-DE\">ie <\/span><span lang=\"de-DE\">Zeit<\/span> <span lang=\"de-DE\">in<\/span><span lang=\"de-DE\"> Neapel, <\/span><span lang=\"de-DE\">sowie in<\/span><span lang=\"de-DE\"> Karlsruhe oder Heidelberg <\/span><span lang=\"de-DE\">mit den jeweiligen Menschen <\/span><span lang=\"de-DE\">trotz der Pandemie hat un<\/span><span lang=\"de-DE\">s sehr bereichert.<\/span><span lang=\"de-DE\"> Hier auf Korsika ist es uns trotz einiger Anfangsschwierigkeiten gelungen, <\/span><span lang=\"de-DE\">ein<\/span><span lang=\"de-DE\"> kleines <\/span><span lang=\"de-DE\">aber feines <\/span><span lang=\"de-DE\">Netzwerk von Freundschaften und Bekannten aufzubauen &#8230; Menschen jeden Alters, von 90 <\/span><span lang=\"de-DE\">absteigend<\/span><span lang=\"de-DE\">, mit denen <\/span><span lang=\"de-DE\">wir <\/span><span lang=\"de-DE\">Momente t<\/span><span lang=\"de-DE\">eilen k<\/span><span lang=\"de-DE\">onnten und k\u00f6nnen<\/span><span lang=\"de-DE\">. Auch <\/span><span lang=\"de-DE\">uns hat Corona erwischt<\/span><span lang=\"de-DE\">, zum Gl\u00fcck auf sehr milde Weise, aber <\/span><span lang=\"de-DE\">wir<\/span><span lang=\"de-DE\"> k\u00f6n<\/span><span lang=\"de-DE\">nen kaum beschreiben, wie wir hier mit <\/span><span lang=\"de-DE\">Gesten der Zuneigung und Unterst\u00fctzung <\/span><span lang=\"de-DE\">gesund gepflegt wurden<\/span><span lang=\"de-DE\">. Von Gilles&#8216; Tanten, die uns Essen brachten, bis hin zu Vincente, einem unserer Nachbarn, der mit Keksen <\/span><span lang=\"de-DE\">an der Haust\u00fcr<\/span><span lang=\"de-DE\"> auftauchte und sich auch zum Einkaufen zur Verf\u00fcgung stellte. <\/span><span lang=\"de-DE\">W<\/span><span lang=\"de-DE\">er sucht, der findet \u00fcberall wunderbare<\/span><span lang=\"de-DE\"> Menschlichkeit &#8230; <\/span><\/p>\n<p><span lang=\"de-DE\">Und um bei<\/span><span lang=\"de-DE\">m Thema Suche<\/span><span lang=\"de-DE\"> zu bleiben: In <\/span><span lang=\"de-DE\">den letzten Wochen <\/span><span lang=\"de-DE\">haben wir viel <\/span><span lang=\"de-DE\">Zeit <\/span><span lang=\"de-DE\">damit verbracht, uns die n\u00e4chsten Schritte <\/span><span lang=\"de-DE\">vorzustellen<\/span><span lang=\"de-DE\">. Wir sind zu dem Schluss gekommen, was teilweise auch eine Best\u00e4tigung fr\u00fcherer <\/span><span lang=\"de-DE\">Ideen<\/span><span lang=\"de-DE\"> ist, dass wir unsere Zeit <\/span><span lang=\"de-DE\">und<\/span><span lang=\"de-DE\"> unsere Energie (<\/span><span lang=\"de-DE\">k\u00f6rperlich<\/span><span lang=\"de-DE\">, <\/span><span lang=\"de-DE\">geistig<\/span><span lang=\"de-DE\"> und <\/span><span lang=\"de-DE\">finanziell<\/span><span lang=\"de-DE\">) in ein Projekt investieren wollen, das <\/span><span lang=\"de-DE\">mehr<\/span><span lang=\"de-DE\"> \u201euns<\/span><span lang=\"de-DE\">eres<\/span><span lang=\"de-DE\">\u201c ist <\/span><span lang=\"de-DE\">und w<\/span><span lang=\"de-DE\">ir <\/span><span lang=\"de-DE\">k\u00f6nnen sagen, dass wir bereit sind<\/span><span lang=\"de-DE\">, <\/span><span lang=\"de-DE\">diesen<\/span><span lang=\"de-DE\"> Sprung zu machen: <\/span><span lang=\"de-DE\">E<\/span><span lang=\"de-DE\">inen Ort finden (wir wissen noch nicht wo und wie), uns<\/span><span lang=\"de-DE\">er<\/span><span lang=\"de-DE\"> Leben an diesem neuen Ort <\/span><span lang=\"de-DE\">planen<\/span><span lang=\"de-DE\"> (Arbeit, Schule, <\/span><span lang=\"de-DE\">Aktivit\u00e4ten<\/span><span lang=\"de-DE\">) &#8211; <\/span><span lang=\"de-DE\">es ist an der Zeit Wurzeln zu schlagen, un<\/span><span lang=\"de-DE\">d<\/span><span lang=\"de-DE\"> mit der Zeit die Fr\u00fcchte zu ernten<\/span><span lang=\"de-DE\"> &#8230; nat\u00fcrlich <\/span><span lang=\"de-DE\">haben wir <\/span><span lang=\"de-DE\">tausend<\/span> <span lang=\"de-DE\">fragen <\/span><span lang=\"de-DE\">im Kopf,<\/span><span lang=\"de-DE\"> im Bauch,<\/span><span lang=\"de-DE\"> auf dem Herzen<\/span><span lang=\"de-DE\">. Wie <\/span><span lang=\"de-DE\">bringen <\/span><span lang=\"de-DE\">wir das Leben in der Natur mit den Bed\u00fcrfnissen <\/span><span lang=\"de-DE\">nach <\/span><span lang=\"de-DE\">Geselligkeit<\/span><span lang=\"de-DE\"> in Einklang, insbesondere mit dem objektiven Bed\u00fcrfnis <\/span><span lang=\"de-DE\">von <\/span><span lang=\"de-DE\">David <\/span><span lang=\"de-DE\">nach <\/span><span lang=\"de-DE\">Freunde<\/span><span lang=\"de-DE\">n<\/span><span lang=\"de-DE\">, mit denen er seine<\/span><span lang=\"de-DE\">n Lebensweg<\/span><span lang=\"de-DE\"> teilen kann (wie <\/span><span lang=\"de-DE\">wir es <\/span><span lang=\"de-DE\">in unserer Ki<\/span><span lang=\"de-DE\">n<\/span><span lang=\"de-DE\">dheit <\/span><span lang=\"de-DE\">getan haben<\/span><span lang=\"de-DE\">)? <\/span><span lang=\"de-DE\">W<\/span><span lang=\"de-DE\">ie <\/span><span lang=\"de-DE\">k\u00f6nnen <\/span><span lang=\"de-DE\">wir unser Projekt nachhaltig und dauerhaft gestalten, auch aus wirtschaftlicher Sicht, <\/span><span lang=\"de-DE\">und wie k\u00f6nnen wir das a<\/span><span lang=\"de-DE\">lles mit unserem Wunsch in Einklang bringen, David die M\u00f6glichkeit zu geben, seine vier Gro\u00dfeltern und <\/span><span lang=\"de-DE\">seine <\/span><span lang=\"de-DE\">Onkel <\/span><span lang=\"de-DE\">und Tanten <\/span><span lang=\"de-DE\">so oft wie m\u00f6glich zu sehen &#8230; und <\/span><span lang=\"de-DE\">dann <\/span><span lang=\"de-DE\">nat\u00fcrlich die Frage<\/span><span lang=\"de-DE\">: <\/span><span lang=\"de-DE\">Machen wir ein gemein<\/span><span lang=\"de-DE\">sames Projekt mit anderen Menschen oder <\/span><span lang=\"de-DE\">begrenzen wir uns auf unsere kleine F<\/span><span lang=\"de-DE\">amilie? Kurz <\/span><span lang=\"de-DE\">und poetisch <\/span><span lang=\"de-DE\">gesagt, die Farben, um unser Bild zu malen, m\u00fcssen noch ausgew\u00e4hlt werden. <\/span><span lang=\"de-DE\">Einige Teile sind schon klar, andere sind noch ein<\/span><span lang=\"de-DE\"> wenig von Zweifeln <\/span><span lang=\"de-DE\">und Unsicherheiten<\/span><span lang=\"de-DE\"> getr\u00fcbt. Wir s<\/span><span lang=\"de-DE\">ind jedoch sicher, <\/span><span lang=\"de-DE\">dass wir <\/span><span lang=\"de-DE\">immer noch<\/span><span lang=\"de-DE\"> auf dem richtigen Weg sind <\/span><span lang=\"de-DE\">eine <\/span><span lang=\"de-DE\">gute Ladung ne<\/span><span lang=\"de-DE\">ue <\/span><span lang=\"de-DE\">und wichtige <\/span><span lang=\"de-DE\">Werkzeuge<\/span><span lang=\"de-DE\"> in unsere <\/span><span lang=\"de-DE\">K<\/span><span lang=\"de-DE\">i<\/span><span lang=\"de-DE\">ste<\/span> <span lang=\"de-DE\">gepackt<\/span> <span lang=\"de-DE\">haben<\/span><span lang=\"de-DE\">. <\/span><\/p>\n<p><span lang=\"de-DE\">Wir haben in diesem Jahr viel gelernt, sowohl <\/span><span lang=\"de-DE\">spezifisch<\/span> <span lang=\"de-DE\">in unserem l<\/span><span lang=\"de-DE\">andwirtschaft<\/span><span lang=\"de-DE\">lichen Projekt<\/span> <span lang=\"de-DE\">als auch in anderen <\/span><span lang=\"de-DE\">Bereichen<\/span><span lang=\"de-DE\">. Wir <\/span><span lang=\"de-DE\">sind bei Gilles und Pascal zum Thema Beherbergung von Touristen<\/span><span lang=\"de-DE\"> und \u00f6kologischen Tourismus<\/span> <span lang=\"de-DE\">in die Lehre gegangen<\/span><span lang=\"de-DE\">, wir haben unsere h<\/span><span lang=\"de-DE\">andwerklichen F\u00e4higkeiten <\/span><span lang=\"de-DE\">beim Renovieren unseres kleinen Chalets erweitert<\/span><span lang=\"de-DE\">, <\/span><span lang=\"de-DE\">wir haben viel \u00fcber <\/span><span lang=\"de-DE\">\u00f6kologische<\/span><span lang=\"de-DE\">s <\/span><span lang=\"de-DE\">Abw<\/span><span lang=\"de-DE\">assermanagement<\/span><span lang=\"de-DE\"> und \u00fcber <\/span><span lang=\"de-DE\">das Zusammenleben mit <\/span><span lang=\"de-DE\">Wild<\/span><span lang=\"de-DE\">t<\/span><span lang=\"de-DE\">ieren (Wildschweine!) <\/span><span lang=\"de-DE\">gelernt&#8230;<\/span> <span lang=\"de-DE\">Um beim Thema zu bleiben, d<\/span><span lang=\"de-DE\">iese<\/span><span lang=\"de-DE\">s<\/span><span lang=\"de-DE\"> Jahr hat <\/span><span lang=\"de-DE\">es <\/span><span lang=\"de-DE\">uns erm\u00f6glicht, unsere zuk\u00fcnftige<\/span><span lang=\"de-DE\">s<\/span><span lang=\"de-DE\"> Projekt <\/span><span lang=\"de-DE\">klarer<\/span><span lang=\"de-DE\"> zu <\/span><span lang=\"de-DE\">sehen<\/span><span lang=\"de-DE\">,<\/span><span lang=\"de-DE\"> und zu verstehen<\/span><span lang=\"de-DE\"> was wir <\/span><span lang=\"de-DE\">hinzuf\u00fcgen<\/span><span lang=\"de-DE\"> wollen, aber auch, was wir nicht umsetzen wollen. Kurz gesagt, <\/span><span lang=\"de-DE\">wir haben an Bewusstsein gewonnen<\/span><span lang=\"de-DE\">. Und viel von diesem Bewusstsein ist auch David zu verdanken, der uns weiterhin jeden Tag etwas beibringt <\/span><span lang=\"de-DE\">und uns beispielsweise <\/span><span lang=\"de-DE\">immer mehr mit seinen Kommunikationsf\u00e4higkeiten verbl\u00fcfft &#8230; obwohl er im Moment nur das Wort &#8222;Wasser&#8220; &#8211; &#8222;Acca&#8220; <\/span><span lang=\"de-DE\">in<\/span><span lang=\"de-DE\"> Davidese <\/span><span lang=\"de-DE\">u<\/span><span lang=\"de-DE\">nd \u201eBerga\u201c <\/span><span lang=\"de-DE\">f\u00fcr Bergamotto, den Hund, sagt, noch k<\/span><span lang=\"de-DE\">ein<\/span><span lang=\"de-DE\"> Mama und Papa in Sicht<\/span><span lang=\"de-DE\">&#8230; aber das <\/span><span lang=\"de-DE\">ist gut so<\/span><span lang=\"de-DE\">. <\/span><span lang=\"de-DE\">Vor einiger Zeit <\/span><span lang=\"de-DE\">fing der kleine Zwerg an zu laufen und mit seinen ersten Schritten wurde uns die Bedeutung von \u201e<\/span><span lang=\"de-DE\">b<\/span><span lang=\"de-DE\">egleiten\u201c noch deutlicher \u2026 Wir lassen uns von ihm auf unserem Weg begleiten, aber auch von euch allen, die <\/span><span lang=\"de-DE\">ihr aus der Ferne mitver<\/span><span lang=\"de-DE\">folg<\/span><span lang=\"de-DE\">t<\/span><span lang=\"de-DE\"> und <\/span><span lang=\"de-DE\">uns positive Energie gebt<\/span><span lang=\"de-DE\"> &#8230; offen f\u00fcr das Leben und <\/span><span lang=\"de-DE\">f\u00fcr<\/span><span lang=\"de-DE\"> Neues! <\/span><\/p>\n<p><span lang=\"de-DE\">A prestu! (Bis bald in korsisch)<\/span><\/p>\n","protected":false},"excerpt":{"rendered":"<p>365 Tage, 8760 Stunden, 525600 Minuten &#8230; ein Jahr! Etwas \u00fcber ein Jahr ist nun seit unserer Ankunft auf Korsika vergangen, und es ist an der Zeit f\u00fcr einen R\u00fcckblick und f\u00fcr \u00dcberlegungen und Visionen f\u00fcr die Zukunft. Als erstes m\u00f6chten wir betonen, dass es f\u00fcr uns ein sehr, sehr sch\u00f6nes Jahr voller wichtiger Erfahrungen war. Es ist unglaublich zu sehen, wie das Leben Tag f\u00fcr Tag voller \u00dcberraschungen und Abenteuer steckt, trotz der kleinen gro\u00dfen Schwierigkeiten &#8230; alles h\u00e4ngt&#8230;<\/p>\n<p class=\"read-more\"><a class=\"btn btn-default\" href=\"https:\/\/www.riconoscere.org\/de\/2022\/03\/13\/tempo-di-bilanci\/\">Weiterlesen<span class=\"screen-reader-text\"> Weiterlesen<\/span><\/a><\/p>\n","protected":false},"author":1,"featured_media":404,"comment_status":"open","ping_status":"open","sticky":false,"template":"","format":"standard","meta":{"_uag_custom_page_level_css":"","ngg_post_thumbnail":0,"footnotes":""},"categories":[3],"tags":[],"class_list":["post-401","post","type-post","status-publish","format-standard","has-post-thumbnail","hentry","category-blog"],"uagb_featured_image_src":{"full":["https:\/\/www.riconoscere.org\/wp-content\/uploads\/2022\/03\/un-anno-header-familie.jpeg",1600,1200,false],"thumbnail":["https:\/\/www.riconoscere.org\/wp-content\/uploads\/2022\/03\/un-anno-header-familie-150x150.jpeg",150,150,true],"medium":["https:\/\/www.riconoscere.org\/wp-content\/uploads\/2022\/03\/un-anno-header-familie-300x225.jpeg",300,225,true],"medium_large":["https:\/\/www.riconoscere.org\/wp-content\/uploads\/2022\/03\/un-anno-header-familie-768x576.jpeg",640,480,true],"large":["https:\/\/www.riconoscere.org\/wp-content\/uploads\/2022\/03\/un-anno-header-familie-1024x768.jpeg",640,480,true],"1536x1536":["https:\/\/www.riconoscere.org\/wp-content\/uploads\/2022\/03\/un-anno-header-familie-1536x1152.jpeg",1536,1152,true],"2048x2048":["https:\/\/www.riconoscere.org\/wp-content\/uploads\/2022\/03\/un-anno-header-familie.jpeg",1600,1200,false],"post-thumbnail":["https:\/\/www.riconoscere.org\/wp-content\/uploads\/2022\/03\/un-anno-header-familie-360x270.jpeg",360,270,true],"nisarg-full-width":["https:\/\/www.riconoscere.org\/wp-content\/uploads\/2022\/03\/un-anno-header-familie-1038x576.jpeg",1038,576,true]},"uagb_author_info":{"display_name":"MomoGizzo","author_link":"https:\/\/www.riconoscere.org\/de\/author\/MomoGizzo\/"},"uagb_comment_info":494,"uagb_excerpt":"365 Tage, 8760 Stunden, 525600 Minuten &#8230; ein Jahr! Etwas \u00fcber ein Jahr ist nun seit unserer Ankunft auf Korsika vergangen, und es ist an der Zeit f\u00fcr einen R\u00fcckblick und f\u00fcr \u00dcberlegungen und Visionen f\u00fcr die Zukunft. Als erstes m\u00f6chten wir betonen, dass es f\u00fcr uns ein sehr, sehr sch\u00f6nes Jahr voller wichtiger Erfahrungen&hellip;","_links":{"self":[{"href":"https:\/\/www.riconoscere.org\/de\/wp-json\/wp\/v2\/posts\/401","targetHints":{"allow":["GET"]}}],"collection":[{"href":"https:\/\/www.riconoscere.org\/de\/wp-json\/wp\/v2\/posts"}],"about":[{"href":"https:\/\/www.riconoscere.org\/de\/wp-json\/wp\/v2\/types\/post"}],"author":[{"embeddable":true,"href":"https:\/\/www.riconoscere.org\/de\/wp-json\/wp\/v2\/users\/1"}],"replies":[{"embeddable":true,"href":"https:\/\/www.riconoscere.org\/de\/wp-json\/wp\/v2\/comments?post=401"}],"version-history":[{"count":15,"href":"https:\/\/www.riconoscere.org\/de\/wp-json\/wp\/v2\/posts\/401\/revisions"}],"predecessor-version":[{"id":462,"href":"https:\/\/www.riconoscere.org\/de\/wp-json\/wp\/v2\/posts\/401\/revisions\/462"}],"wp:featuredmedia":[{"embeddable":true,"href":"https:\/\/www.riconoscere.org\/de\/wp-json\/wp\/v2\/media\/404"}],"wp:attachment":[{"href":"https:\/\/www.riconoscere.org\/de\/wp-json\/wp\/v2\/media?parent=401"}],"wp:term":[{"taxonomy":"category","embeddable":true,"href":"https:\/\/www.riconoscere.org\/de\/wp-json\/wp\/v2\/categories?post=401"},{"taxonomy":"post_tag","embeddable":true,"href":"https:\/\/www.riconoscere.org\/de\/wp-json\/wp\/v2\/tags?post=401"}],"curies":[{"name":"wp","href":"https:\/\/api.w.org\/{rel}","templated":true}]}}